{"id":3255,"date":"2021-11-29T09:03:12","date_gmt":"2021-11-29T09:03:12","guid":{"rendered":"http:\/\/www.cnog.ro\/?p=3255"},"modified":"2021-11-29T18:18:58","modified_gmt":"2021-11-29T18:18:58","slug":"la-multi-ani-romania","status":"publish","type":"post","link":"https:\/\/www.cnog.ro\/index.php\/la-multi-ani-romania\/","title":{"rendered":"\u201cLa mul\u021bi ani, Rom\u00e2nia!\u201d"},"content":{"rendered":"<div align=\"justify\">\n<font size=\"4\">&nbsp;&nbsp;&nbsp;&nbsp;\u00cen perioada dedicat\u0103 s\u0103rb\u0103toririi Zilei Na\u021bionale a Rom\u00e2niei este esen\u021bial s\u0103 \u00een\u021belegem c\u0103 patriotismul nu const\u0103 doar \u00een a proclama verbal dragostea de \u021bar\u0103, c\u00e2t mai ales \u00een a manifesta un comportament din care s\u0103 reias\u0103 atitudinea noastr\u0103 de respect, dragoste, grij\u0103 \u0219i implicare fa\u021b\u0103 de spa\u021biul c\u0103ruia \u00eei spunem \u201e\u021bara-mam\u0103\u201d. \u0218coala poate \u0219i trebuie s\u0103 devin\u0103 locul \u00een care se formeaz\u0103 valorile \u0219i atitudinile elevilor fa\u021b\u0103 de \u021bar\u0103 \u0219i fa\u021b\u0103 de comunitatea c\u0103reia \u00eei apar\u021bin: respectul fa\u021b\u0103 de tradi\u021biile \u0219i valorile locale \u0219i na\u021bionale; cunoa\u0219terea istoriei \u0219i a trecutului na\u021bional; promovarea elementelor de cultur\u0103 specifice microregiunii din care provin; valorificarea frumuse\u021bilor naturale. <\/p>\n<p>&nbsp;&nbsp;&nbsp;&nbsp;Pornind de la aceste idei, cu ocazia Zilei Na\u021bionale a Rom\u00e2niei din acest an, am ales s\u0103 ne exprim\u0103m autenticitatea dragostei fa\u021b\u0103 de \u201e\u021bara-mam\u0103\u201d prin promovarea patrimoniului natural, cultural \u0219i spiritual din regiunea \u00een care ne afl\u0103m: Valea Bistrei \u0219i Valea Barc\u0103ului.<\/p><\/div>\n<p><\/font><\/p>\n<div align=\"right\"><b>Autori: prof. Patca Cosmin si prof. B\u00e2rza Manuela<\/b><\/div>\n<p><\/p>\n<div align=\"center\"><iframe loading=\"lazy\"  width=\"360\" height=\"315\" src=\"https:\/\/www.youtube.com\/embed\/mKacYR4EJJk\" title=\"YouTube video player\" frameborder=\"0\" allow=\"accelerometer; autoplay; clipboard-write; encrypted-media; gyroscope; picture-in-picture\" allowfullscreen><\/iframe><\/div>\n","protected":false},"excerpt":{"rendered":"<p>&nbsp;&nbsp;&nbsp;&nbsp;\u00cen perioada dedicat\u0103 s\u0103rb\u0103toririi Zilei Na\u021bionale a Rom\u00e2niei este esen\u021bial s\u0103 \u00een\u021belegem c\u0103 patriotismul nu&#8230;<\/p>\n","protected":false},"author":1,"featured_media":3262,"comment_status":"open","ping_status":"open","sticky":false,"template":"","format":"standard","meta":{"footnotes":"","_links_to":"","_links_to_target":""},"categories":[19,3],"tags":[],"class_list":["post-3255","post","type-post","status-publish","format-standard","has-post-thumbnail","hentry","category-1-decembrie","category-proiecte"],"_links":{"self":[{"href":"https:\/\/www.cnog.ro\/index.php\/wp-json\/wp\/v2\/posts\/3255","targetHints":{"allow":["GET"]}}],"collection":[{"href":"https:\/\/www.cnog.ro\/index.php\/wp-json\/wp\/v2\/posts"}],"about":[{"href":"https:\/\/www.cnog.ro\/index.php\/wp-json\/wp\/v2\/types\/post"}],"author":[{"embeddable":true,"href":"https:\/\/www.cnog.ro\/index.php\/wp-json\/wp\/v2\/users\/1"}],"replies":[{"embeddable":true,"href":"https:\/\/www.cnog.ro\/index.php\/wp-json\/wp\/v2\/comments?post=3255"}],"version-history":[{"count":18,"href":"https:\/\/www.cnog.ro\/index.php\/wp-json\/wp\/v2\/posts\/3255\/revisions"}],"predecessor-version":[{"id":3275,"href":"https:\/\/www.cnog.ro\/index.php\/wp-json\/wp\/v2\/posts\/3255\/revisions\/3275"}],"wp:featuredmedia":[{"embeddable":true,"href":"https:\/\/www.cnog.ro\/index.php\/wp-json\/wp\/v2\/media\/3262"}],"wp:attachment":[{"href":"https:\/\/www.cnog.ro\/index.php\/wp-json\/wp\/v2\/media?parent=3255"}],"wp:term":[{"taxonomy":"category","embeddable":true,"href":"https:\/\/www.cnog.ro\/index.php\/wp-json\/wp\/v2\/categories?post=3255"},{"taxonomy":"post_tag","embeddable":true,"href":"https:\/\/www.cnog.ro\/index.php\/wp-json\/wp\/v2\/tags?post=3255"}],"curies":[{"name":"wp","href":"https:\/\/api.w.org\/{rel}","templated":true}]}}